{"id":17890,"date":"2022-03-09T16:17:00","date_gmt":"2022-03-09T08:17:00","guid":{"rendered":"https:\/\/www.rideneuron.com\/?p=17890"},"modified":"2022-03-18T10:31:08","modified_gmt":"2022-03-18T02:31:08","slug":"neuron-lance-sa-saison-2022-a-vernon","status":"publish","type":"post","link":"https:\/\/www.rideneuron.com\/fr\/neuron-lance-sa-saison-2022-a-vernon\/","title":{"rendered":"Neuron lance sa saison 2022 \u00e0 Vernon !"},"content":{"rendered":"\t\t<div data-elementor-type=\"wp-post\" data-elementor-id=\"17890\" class=\"elementor elementor-17890\" data-elementor-settings=\"[]\">\n\t\t\t\t\t\t<div class=\"elementor-inner\">\n\t\t\t\t\t\t\t<div class=\"elementor-section-wrap\">\n\t\t\t\t\t\t\t<section class=\"has_eae_slider elementor-section elementor-top-section elementor-element elementor-element-f998d7a elementor-section-full_width elementor-section-height-min-height elementor-section-height-default elementor-section-items-middle exad-glass-effect-no exad-sticky-section-no\" data-id=\"f998d7a\" data-element_type=\"section\" data-settings=\"{&quot;background_background&quot;:&quot;classic&quot;}\">\n\t\t\t\t\t\t<div class=\"elementor-container elementor-column-gap-default\">\n\t\t\t\t\t\t\t<div class=\"elementor-row\">\n\t\t\t\t\t<div class=\"has_eae_slider elementor-column elementor-col-100 elementor-top-column elementor-element elementor-element-6e2f73d exad-glass-effect-no exad-sticky-section-no\" data-id=\"6e2f73d\" data-element_type=\"column\">\n\t\t\t<div class=\"elementor-column-wrap elementor-element-populated\">\n\t\t\t\t\t\t\t<div class=\"elementor-widget-wrap\">\n\t\t\t\t\t\t<div class=\"elementor-element elementor-element-56ab3d8 exad-sticky-section-no exad-glass-effect-no elementor-widget elementor-widget-heading\" data-id=\"56ab3d8\" data-element_type=\"widget\" data-widget_type=\"heading.default\">\n\t\t\t\t<div class=\"elementor-widget-container\">\n\t\t\t<h1 class=\"elementor-heading-title elementor-size-default\">Nouvelles<\/h1>\t\t<\/div>\n\t\t\t\t<\/div>\n\t\t\t\t<div class=\"elementor-element elementor-element-8ba49e9 exad-sticky-section-no exad-glass-effect-no elementor-widget elementor-widget-post-date\" data-id=\"8ba49e9\" data-element_type=\"widget\" data-widget_type=\"post-date.default\">\n\t\t\t\t<div class=\"elementor-widget-container\">\n\t\t\t<p class=\"press-elements-date \">9 mars 2022<\/p>\t\t<\/div>\n\t\t\t\t<\/div>\n\t\t\t\t\t\t<\/div>\n\t\t\t\t\t<\/div>\n\t\t<\/div>\n\t\t\t\t\t\t\t\t<\/div>\n\t\t\t\t\t<\/div>\n\t\t<\/section>\n\t\t\t\t<section class=\"has_eae_slider elementor-section elementor-top-section elementor-element elementor-element-36090ae elementor-section-boxed elementor-section-height-default elementor-section-height-default exad-glass-effect-no exad-sticky-section-no\" data-id=\"36090ae\" data-element_type=\"section\" data-settings=\"{&quot;background_background&quot;:&quot;classic&quot;}\">\n\t\t\t\t\t\t<div class=\"elementor-container elementor-column-gap-default\">\n\t\t\t\t\t\t\t<div class=\"elementor-row\">\n\t\t\t\t\t<div class=\"has_eae_slider elementor-column elementor-col-100 elementor-top-column elementor-element elementor-element-2b35431e exad-glass-effect-no exad-sticky-section-no\" data-id=\"2b35431e\" data-element_type=\"column\">\n\t\t\t<div class=\"elementor-column-wrap elementor-element-populated\">\n\t\t\t\t\t\t\t<div class=\"elementor-widget-wrap\">\n\t\t\t\t\t\t<div class=\"elementor-element elementor-element-ac77af5 exad-sticky-section-no exad-glass-effect-no elementor-widget elementor-widget-post-title\" data-id=\"ac77af5\" data-element_type=\"widget\" data-widget_type=\"post-title.default\">\n\t\t\t\t<div class=\"elementor-widget-container\">\n\t\t\t<h2 class=\"press-elements-title \">Neuron lance sa saison 2022 \u00e0 Vernon !<\/h2>\t\t<\/div>\n\t\t\t\t<\/div>\n\t\t\t\t<div class=\"elementor-element elementor-element-a6a803a exad-sticky-section-no exad-glass-effect-no elementor-widget elementor-widget-post-excerpt\" data-id=\"a6a803a\" data-element_type=\"widget\" data-widget_type=\"post-excerpt.default\">\n\t\t\t\t<div class=\"elementor-widget-container\">\n\t\t\t<h3 class=\"press-elements-excerpt \">La flotte de trottinettes \u00e9lectriques de Neuron est de retour dans les rues de Vernon apr\u00e8s une saison 2021 r\u00e9ussie qui a vu les usagers adopter des alternatives de micromobilit\u00e9 s\u00e9curitaires et pratiques. <\/h3>\t\t<\/div>\n\t\t\t\t<\/div>\n\t\t\t\t<div class=\"elementor-element elementor-element-cee6fec exad-sticky-section-no exad-glass-effect-no elementor-widget elementor-widget-post-date\" data-id=\"cee6fec\" data-element_type=\"widget\" data-widget_type=\"post-date.default\">\n\t\t\t\t<div class=\"elementor-widget-container\">\n\t\t\t<p class=\"press-elements-date \">9 mars 2022<\/p>\t\t<\/div>\n\t\t\t\t<\/div>\n\t\t\t\t<div class=\"elementor-element elementor-element-d412c7d exad-sticky-section-no exad-glass-effect-no elementor-widget elementor-widget-text-editor\" data-id=\"d412c7d\" data-element_type=\"widget\" data-widget_type=\"text-editor.default\">\n\t\t\t\t<div class=\"elementor-widget-container\">\n\t\t\t\t\t\t\t\t<div class=\"elementor-text-editor elementor-clearfix\">\n\t\t\t\t<p><span style=\"font-weight: 400;\">Les r\u00e9sidents et les visiteurs de la ville de Vernon peuvent \u00e0 nouveau se promener dans les rues avec Neuron, car nous lan\u00e7ons la saison 2022 avec le red\u00e9ploiement de nos trottinettes \u00e9lectriques.\u00a0<\/span><\/p><p><span style=\"font-weight: 400;\">Lors de notre lancement \u00e0 Vernon en juillet 2021, nos trottinettes \u00e9lectriques ont \u00e9t\u00e9 adopt\u00e9es par la communaut\u00e9, ont eu un impact significatif sur l&#8217;\u00e9conomie locale et ont soutenu l&#8217;objectif d&#8217;action climatique de la ville visant \u00e0 r\u00e9duire les \u00e9missions \u00e0 un niveau net z\u00e9ro d&#8217;ici 2050. Neuron est impatient de s&#8217;associer \u00e0 la ville de Vernon pour tirer parti du succ\u00e8s de l&#8217;ann\u00e9e derni\u00e8re.<\/span><\/p><p><span style=\"font-weight: 400;\">Les trottinettes \u00e9lectriques constituent une alternative de transport int\u00e9ressante et il est prouv\u00e9 qu&#8217;elles r\u00e9duisent les trajets en voiture, les embouteillages et les \u00e9missions de carbone. L&#8217;introduction d&#8217;options de micromobilit\u00e9 comme les trottinettes \u00e9lectriques augmente les d\u00e9placements des r\u00e9sidents et des touristes dans la ville, ce qui se traduit par davantage d&#8217;achats dans les commerces locaux. Le programme de trottinettes \u00e9lectriques de Vernon a \u00e9galement cr\u00e9\u00e9 de nouveaux emplois locaux dans la ville, Neuron \u00e9tant certifi\u00e9 comme un employeur \u00e0 salaire d\u00e9cent en Colombie-Britannique.<\/span><\/p><p><span style=\"font-weight: 400;\">Une r\u00e9cente enqu\u00eate aupr\u00e8s des usagers de Vernon a montr\u00e9 que 93 % d&#8217;entre eux pensaient que les trottinettes \u00e9lectriques avaient un impact positif sur la communaut\u00e9. Les donn\u00e9es sur les d\u00e9placements de 2021 ont \u00e9galement r\u00e9v\u00e9l\u00e9 des informations \u00e9tonnantes, notamment :\u00a0<\/span><\/p><ul><li style=\"font-weight: 400;\" aria-level=\"1\"><span style=\"font-weight: 400;\">Les usagers de Neuron ont parcouru plus de 160 000 kilom\u00e8tres dans tout Vernon.<\/span><\/li><li style=\"font-weight: 400;\" aria-level=\"1\"><span style=\"font-weight: 400;\">40 % des d\u00e9placements ont remplac\u00e9 un trajet en voiture, ce qui a permis d&#8217;\u00e9conomiser environ 10 tonnes d&#8217;\u00e9missions de CO2.<\/span><\/li><li style=\"font-weight: 400;\" aria-level=\"1\"><span style=\"font-weight: 400;\">Plus de la moiti\u00e9 des trajets ont \u00e9t\u00e9 effectu\u00e9s pour se rendre au travail, dans des restaurants et des caf\u00e9s, ou pour explorer la ville, tandis que 59 % ont effectu\u00e9 un achat pendant leur voyage.\u00a0<\/span><\/li><\/ul><p><span style=\"font-weight: 400;\">Nos trottinettes \u00e9lectriques sont \u00e9quip\u00e9es du premier casque int\u00e9gr\u00e9 au monde, dont l&#8217;utilisation est obligatoire \u00e0 Vernon. Les usagers, qui doivent \u00eatre \u00e2g\u00e9s d&#8217;au moins 16 ans, peuvent r\u00e9server et utiliser les trottinettes \u00e9lectriques via l&#8217;application conviviale de Neuron, qui peut \u00eatre t\u00e9l\u00e9charg\u00e9e sur l&#8217;App Store ou Google Play et configur\u00e9e en quelques minutes. Les trajets simples co\u00fbtent 1,15 $ pour d\u00e9verrouiller la trottinette \u00e9lectrique et 0,35 $ par minute par la suite. Les usagers plus r\u00e9guliers ont la possibilit\u00e9 d&#8217;acheter des <\/span><i><span style=\"font-weight: 400;\">passes<\/span><\/i> <i><span style=\"font-weight: 400;\">Neuron<\/span><\/i><span style=\"font-weight: 400;\">, un service d&#8217;abonnement, disponible en options de trois jours (25 $), d&#8217;une semaine (33 $) ou d&#8217;un mois (89 $).\u202f<\/span><\/p>\t\t\t\t\t<\/div>\n\t\t\t\t\t\t<\/div>\n\t\t\t\t<\/div>\n\t\t\t\t<div class=\"elementor-element elementor-element-93b3761 elementor-widget-divider--view-line exad-sticky-section-no exad-glass-effect-no elementor-widget elementor-widget-divider\" data-id=\"93b3761\" data-element_type=\"widget\" data-widget_type=\"divider.default\">\n\t\t\t\t<div class=\"elementor-widget-container\">\n\t\t\t\t\t<div class=\"elementor-divider\">\n\t\t\t<span class=\"elementor-divider-separator\">\n\t\t\t\t\t\t<\/span>\n\t\t<\/div>\n\t\t\t\t<\/div>\n\t\t\t\t<\/div>\n\t\t\t\t<div class=\"elementor-element elementor-element-2695c42 exad-sticky-section-no exad-glass-effect-no elementor-widget elementor-widget-wp-widget-ocean_social_share\" data-id=\"2695c42\" data-element_type=\"widget\" data-widget_type=\"wp-widget-ocean_social_share.default\">\n\t\t\t\t<div class=\"elementor-widget-container\">\n\t\t\t<h5>Please share this<\/h5>\t\t\t\t<ul class=\"owp-social-share style-minimal name-hidden\">\r\n\t\t\t\t\t<li class=\"twitter\"><a href=\"https:\/\/twitter.com\/share?text=Neuron%20lance%20sa%20saison%202022%20\u00e0%20Vernon%20!&#038;url=https%3A%2F%2Fwww.rideneuron.com%2Ffr%2Fneuron-lance-sa-saison-2022-a-vernon%2F\" title=\"Share on X\"  onclick=\"owpShareOnClick( this.href );return false;\"><span class=\"owp-icon-wrap\"><svg class=\"owpss-icon\" aria-labelledby=\"owpss-twitter-icon\" role=\"img\" viewBox=\"0 0 512 512\" xmlns=\"http:\/\/www.w3.org\/2000\/svg\">\r\n\t\t\t\t\t\t\t\t<path d=\"M389.2 48h70.6L305.6 224.2 487 464H345L233.7 318.6 106.5 464H35.8L200.7 275.5 26.8 48H172.4L272.9 180.9 389.2 48zM364.4 421.8h39.1L151.1 88h-42L364.4 421.8z\"\/>\r\n\t\t\t\t\t\t\t<\/svg><\/span><\/a><\/li><li class=\"facebook\"><a href=\"https:\/\/www.facebook.com\/sharer.php?u=https%3A%2F%2Fwww.rideneuron.com%2Ffr%2Fneuron-lance-sa-saison-2022-a-vernon%2F\" title=\"Partager sur Facebook\"  onclick=\"owpShareOnClick( this.href );return false;\"><span class=\"owp-icon-wrap\"><svg class=\"owpss-icon\" aria-labelledby=\"owpss-facebook-icon\" role=\"img\" viewBox=\"0 0 512 512\" xmlns=\"http:\/\/www.w3.org\/2000\/svg\">\r\n\t\t\t\t\t\t\t\t<path d=\"M504 256C504 119 393 8 256 8S8 119 8 256c0 123.78 90.69 226.38 209.25 245V327.69h-63V256h63v-54.64c0-62.15\r\n\t\t\t\t\t\t\t\t37-96.48 93.67-96.48 27.14 0 55.52 4.84 55.52 4.84v61h-31.28c-30.8 0-40.41 19.12-40.41 38.73V256h68.78l-11\r\n\t\t\t\t\t\t\t\t71.69h-57.78V501C413.31 482.38 504 379.78 504 256z\"\/>\r\n\t\t\t\t\t\t\t<\/svg><\/span><\/a><\/li><li class=\"pinterest\"><a href=\"https:\/\/www.pinterest.com\/pin\/create\/button\/?url=https%3A%2F%2Fwww.rideneuron.com%2Ffr%2Fneuron-lance-sa-saison-2022-a-vernon%2F&#038;media=https:\/\/www.rideneuron.com\/wp-content\/uploads\/2022\/03\/DSC00213-1.jpg&#038;description=Nouvelles+9+March+2022+Neuron+lance+sa+saison+2022+%C3%A0+Vernon+%21+La+flotte+de+trottinettes+%C3%A9lectriques+de+Neuron+est+de+retour+dans+les+rues+de+Vernon+apr%C3%A8s+une+saison+2021+r%C3%A9ussie+qui+a+vu+les+usagers+adopter+des+alternatives%E2%80%A6\" title=\"Partager sur Pinterest\"  onclick=\"owpShareOnClick( this.href );return false;\"><span class=\"owp-icon-wrap\"><svg class=\"owpss-icon\" aria-labelledby=\"owpss-pinterest-icon\" role=\"img\" viewBox=\"0 0 496 512\" xmlns=\"http:\/\/www.w3.org\/2000\/svg\">\r\n\t\t\t\t\t\t\t\t<path d=\"M496 256c0 137-111 248-248 248-25.6 0-50.2-3.9-73.4-11.1 10.1-16.5 25.2-43.5 30.8-65 3-11.6 15.4-59 15.4-59\r\n\t\t\t\t\t\t\t\t8.1 15.4 31.7 28.5 56.8 28.5 74.8 0 128.7-68.8 128.7-154.3 0-81.9-66.9-143.2-152.9-143.2-107 0-163.9 71.8-163.9\r\n\t\t\t\t\t\t\t\t150.1 0 36.4 19.4 81.7 50.3 96.1 4.7 2.2 7.2 1.2 8.3-3.3.8-3.4 5-20.3 6.9-28.1.6-2.5.3-4.7-1.7-7.1-10.1-12.5-18.3-35.3-18.3-56.6\r\n\t\t\t\t\t\t\t\t0-54.7 41.4-107.6 112-107.6 60.9 0 103.6 41.5 103.6 100.9 0 67.1-33.9 113.6-78 113.6-24.3 0-42.6-20.1-36.7-44.8\r\n\t\t\t\t\t\t\t\t7-29.5 20.5-61.3 20.5-82.6 0-19-10.2-34.9-31.4-34.9-24.9 0-44.9 25.7-44.9 60.2 0 22 7.4 36.8 7.4 36.8s-24.5 103.8-29\r\n\t\t\t\t\t\t\t\t123.2c-5 21.4-3 51.6-.9 71.2C65.4 450.9 0 361.1 0 256 0 119 111 8 248 8s248 111 248 248z\"\/>\r\n\t\t\t\t\t\t\t<\/svg><\/span><\/a><\/li><li class=\"linkedin\"><a href=\"https:\/\/www.linkedin.com\/shareArticle?mini=true&#038;url=https%3A%2F%2Fwww.rideneuron.com%2Ffr%2Fneuron-lance-sa-saison-2022-a-vernon%2F&#038;title=Neuron%20lance%20sa%20saison%202022%20\u00e0%20Vernon%20!&#038;summary=Nouvelles+9+March+2022+Neuron+lance+sa+saison+2022+%C3%A0+Vernon+%21+La+flotte+de+trottinettes+%C3%A9lectriques+de+Neuron+est+de+retour+dans+les+rues+de+Vernon+apr%C3%A8s+une+saison+2021+r%C3%A9ussie+qui+a+vu+les+usagers+adopter+des+alternatives%E2%80%A6&#038;source=https:\/\/www.rideneuron.com\/fr\/\" title=\"Partager sur LinkedIn\"  onclick=\"owpShareOnClick( this.href );return false;\"><span class=\"owp-icon-wrap\"><svg class=\"owpss-icon\" aria-labelledby=\"owpss-linkedin-icon\" role=\"img\" viewBox=\"0 0 448 512\" xmlns=\"http:\/\/www.w3.org\/2000\/svg\">\r\n\t\t\t\t\t\t\t\t<path d=\"M416 32H31.9C14.3 32 0 46.5 0 64.3v383.4C0 465.5 14.3 480 31.9 480H416c17.6 0 32-14.5 32-32.3V64.3c0-17.8-14.4-32.3-32-32.3zM135.4\r\n\t\t\t\t\t\t\t\t416H69V202.2h66.5V416zm-33.2-243c-21.3 0-38.5-17.3-38.5-38.5S80.9 96 102.2 96c21.2 0 38.5 17.3 38.5 38.5 0 21.3-17.2 38.5-38.5 38.5zm282.1\r\n\t\t\t\t\t\t\t\t243h-66.4V312c0-24.8-.5-56.7-34.5-56.7-34.6 0-39.9 27-39.9 54.9V416h-66.4V202.2h63.7v29.2h.9c8.9-16.8 30.6-34.5 62.9-34.5 67.2 0 79.7 44.3 79.7 101.9V416z\"\/>\r\n\t\t\t\t\t\t\t<\/svg><\/span><\/a><\/li>\t\t\t\t<\/ul>\r\n\r\n\t\t\t\t\r\n\t\t\r\n\t\t\t\t\t<\/div>\n\t\t\t\t<\/div>\n\t\t\t\t<div class=\"elementor-element elementor-element-3d980dd exad-sticky-section-no exad-glass-effect-no elementor-widget elementor-widget-wp-widget-ocean_recent_posts\" data-id=\"3d980dd\" data-element_type=\"widget\" data-widget_type=\"wp-widget-ocean_recent_posts.default\">\n\t\t\t\t<div class=\"elementor-widget-container\">\n\t\t\t\r\n\t\t\t\t<ul class=\"oceanwp-recent-posts clr\">\r\n\r\n\t\t\t\t\t\r\n\t\t\t\t\t\t\t<li class=\"clr\">\r\n\r\n\t\t\t\t\t\t\t\t\t\t\t\t\t\t\t\t\t<a href=\"https:\/\/www.rideneuron.com\/fr\/neuron-conclut-la-saison-2022-a-ottawa\/\" title=\"Neuron conclut la saison 2022 \u00e0 Ottawa !\" class=\"recent-posts-thumbnail\">\r\n\t\t\t\t\t\t\t\t\t\t<img loading=\"lazy\" decoding=\"async\" width=\"150\" height=\"150\" src=\"https:\/\/www.rideneuron.com\/wp-content\/uploads\/2022\/12\/0171-150x150.jpg\" class=\"attachment-thumbnail size-thumbnail wp-post-image\" alt=\"Neuron conclut la saison 2022 \u00e0 Ottawa !\" itemprop=\"image\" \/>\r\n\t\t\t\t\t\t\t\t\t\t<span class=\"overlay\"><\/span>\r\n\t\t\t\t\t\t\t\t\t<\/a>\r\n\t\t\t\t\t\t\t\t\r\n\t\t\t\t\t\t\t\t<div class=\"recent-posts-details clr\">\r\n\r\n\t\t\t\t\t\t\t\t\t<div class=\"recent-posts-details-inner clr\">\r\n\r\n\t\t\t\t\t\t\t\t\t\t<a href=\"https:\/\/www.rideneuron.com\/fr\/neuron-conclut-la-saison-2022-a-ottawa\/\" class=\"recent-posts-title\">Neuron conclut la saison 2022 \u00e0 Ottawa !<\/a>\r\n\r\n\t\t\t\t\t\t\t\t\t\t<div class=\"recent-posts-info clr\">\r\n\t\t\t\t\t\t\t\t\t\t\t<div class=\"recent-posts-date\">15 novembre 2022<span class=\"sep\">\/<\/span><\/div>\r\n\t\t\t\t\t\t\t\t\t\t\t<div class=\"recent-posts-comments\"><a href=\"https:\/\/www.rideneuron.com\/fr\/neuron-conclut-la-saison-2022-a-ottawa\/#respond\">0 commentaire<\/a><\/div>\r\n\t\t\t\t\t\t\t\t\t\t<\/div>\r\n\r\n\t\t\t\t\t\t\t\t\t<\/div>\r\n\r\n\t\t\t\t\t\t\t\t<\/div>\r\n\r\n\t\t\t\t\t\t\t<\/li>\r\n\r\n\t\t\t\t\t\t\r\n\t\t\t\t\t\t\t<li class=\"clr\">\r\n\r\n\t\t\t\t\t\t\t\t\t\t\t\t\t\t\t\t\t<a href=\"https:\/\/www.rideneuron.com\/fr\/les-usagers-de-neuron-ont-parcouru-plus-de-2-millions-de-kilometres-au-canada\/\" title=\"Les usagers de Neuron ont parcouru plus de 2 millions de kilom\u00e8tres au Canada !\" class=\"recent-posts-thumbnail\">\r\n\t\t\t\t\t\t\t\t\t\t<img loading=\"lazy\" decoding=\"async\" width=\"150\" height=\"150\" src=\"https:\/\/www.rideneuron.com\/wp-content\/uploads\/2022\/08\/DSC00183-150x150.jpg\" class=\"attachment-thumbnail size-thumbnail wp-post-image\" alt=\"Les usagers de Neuron ont parcouru plus de 2 millions de kilom\u00e8tres au Canada !\" itemprop=\"image\" \/>\r\n\t\t\t\t\t\t\t\t\t\t<span class=\"overlay\"><\/span>\r\n\t\t\t\t\t\t\t\t\t<\/a>\r\n\t\t\t\t\t\t\t\t\r\n\t\t\t\t\t\t\t\t<div class=\"recent-posts-details clr\">\r\n\r\n\t\t\t\t\t\t\t\t\t<div class=\"recent-posts-details-inner clr\">\r\n\r\n\t\t\t\t\t\t\t\t\t\t<a href=\"https:\/\/www.rideneuron.com\/fr\/les-usagers-de-neuron-ont-parcouru-plus-de-2-millions-de-kilometres-au-canada\/\" class=\"recent-posts-title\">Les usagers de Neuron ont parcouru plus de 2 millions de kilom\u00e8tres au Canada !<\/a>\r\n\r\n\t\t\t\t\t\t\t\t\t\t<div class=\"recent-posts-info clr\">\r\n\t\t\t\t\t\t\t\t\t\t\t<div class=\"recent-posts-date\">3 ao\u00fbt 2022<span class=\"sep\">\/<\/span><\/div>\r\n\t\t\t\t\t\t\t\t\t\t\t<div class=\"recent-posts-comments\"><a href=\"https:\/\/www.rideneuron.com\/fr\/les-usagers-de-neuron-ont-parcouru-plus-de-2-millions-de-kilometres-au-canada\/#respond\">0 commentaire<\/a><\/div>\r\n\t\t\t\t\t\t\t\t\t\t<\/div>\r\n\r\n\t\t\t\t\t\t\t\t\t<\/div>\r\n\r\n\t\t\t\t\t\t\t\t<\/div>\r\n\r\n\t\t\t\t\t\t\t<\/li>\r\n\r\n\t\t\t\t\t\t\r\n\t\t\t\t\t\t\t<li class=\"clr\">\r\n\r\n\t\t\t\t\t\t\t\t\t\t\t\t\t\t\t\t\t<a href=\"https:\/\/www.rideneuron.com\/fr\/neuron-lance-lacademie-scootsafe-en-ligne-pour-ameliorer-la-securite-et-les-connaissances-des-usagers\/\" title=\"Neuron lance l\u2019Acad\u00e9mie ScootSafe en ligne pour am\u00e9liorer la s\u00e9curit\u00e9 et les connaissances des usagers !\" class=\"recent-posts-thumbnail\">\r\n\t\t\t\t\t\t\t\t\t\t<img loading=\"lazy\" decoding=\"async\" width=\"150\" height=\"150\" src=\"https:\/\/www.rideneuron.com\/wp-content\/uploads\/2022\/07\/SA_Blog-banner-1-150x150.png\" class=\"attachment-thumbnail size-thumbnail wp-post-image\" alt=\"Neuron lance l\u2019Acad\u00e9mie ScootSafe en ligne pour am\u00e9liorer la s\u00e9curit\u00e9 et les connaissances des usagers !\" itemprop=\"image\" \/>\r\n\t\t\t\t\t\t\t\t\t\t<span class=\"overlay\"><\/span>\r\n\t\t\t\t\t\t\t\t\t<\/a>\r\n\t\t\t\t\t\t\t\t\r\n\t\t\t\t\t\t\t\t<div class=\"recent-posts-details clr\">\r\n\r\n\t\t\t\t\t\t\t\t\t<div class=\"recent-posts-details-inner clr\">\r\n\r\n\t\t\t\t\t\t\t\t\t\t<a href=\"https:\/\/www.rideneuron.com\/fr\/neuron-lance-lacademie-scootsafe-en-ligne-pour-ameliorer-la-securite-et-les-connaissances-des-usagers\/\" class=\"recent-posts-title\">Neuron lance l\u2019Acad\u00e9mie ScootSafe en ligne pour am\u00e9liorer la s\u00e9curit\u00e9 et les connaissances des usagers !<\/a>\r\n\r\n\t\t\t\t\t\t\t\t\t\t<div class=\"recent-posts-info clr\">\r\n\t\t\t\t\t\t\t\t\t\t\t<div class=\"recent-posts-date\">27 juillet 2022<span class=\"sep\">\/<\/span><\/div>\r\n\t\t\t\t\t\t\t\t\t\t\t<div class=\"recent-posts-comments\"><a href=\"https:\/\/www.rideneuron.com\/fr\/neuron-lance-lacademie-scootsafe-en-ligne-pour-ameliorer-la-securite-et-les-connaissances-des-usagers\/#respond\">0 commentaire<\/a><\/div>\r\n\t\t\t\t\t\t\t\t\t\t<\/div>\r\n\r\n\t\t\t\t\t\t\t\t\t<\/div>\r\n\r\n\t\t\t\t\t\t\t\t<\/div>\r\n\r\n\t\t\t\t\t\t\t<\/li>\r\n\r\n\t\t\t\t\t\t\r\n\t\t\t\t\t\r\n\t\t\t\t<\/ul>\r\n\r\n\t\t\t\t\r\n\t\t\t\t\t<\/div>\n\t\t\t\t<\/div>\n\t\t\t\t\t\t<\/div>\n\t\t\t\t\t<\/div>\n\t\t<\/div>\n\t\t\t\t\t\t\t\t<\/div>\n\t\t\t\t\t<\/div>\n\t\t<\/section>\n\t\t\t\t<section class=\"has_eae_slider elementor-section elementor-top-section elementor-element elementor-element-3fa3fa4 elementor-section-boxed elementor-section-height-default elementor-section-height-default exad-glass-effect-no exad-sticky-section-no\" data-id=\"3fa3fa4\" data-element_type=\"section\">\n\t\t\t\t\t\t<div class=\"elementor-container elementor-column-gap-default\">\n\t\t\t\t\t\t\t<div class=\"elementor-row\">\n\t\t\t\t\t<div class=\"has_eae_slider elementor-column elementor-col-100 elementor-top-column elementor-element elementor-element-577b42e exad-glass-effect-no exad-sticky-section-no\" data-id=\"577b42e\" data-element_type=\"column\">\n\t\t\t<div class=\"elementor-column-wrap\">\n\t\t\t\t\t\t\t<div class=\"elementor-widget-wrap\">\n\t\t\t\t\t\t\t\t<\/div>\n\t\t\t\t\t<\/div>\n\t\t<\/div>\n\t\t\t\t\t\t\t\t<\/div>\n\t\t\t\t\t<\/div>\n\t\t<\/section>\n\t\t\t\t\t\t<\/div>\n\t\t\t\t\t\t<\/div>\n\t\t\t\t\t<\/div>\n\t\t","protected":false},"excerpt":{"rendered":"<p>La flotte de trottinettes \u00e9lectriques de Neuron est de retour dans les rues de Vernon apr\u00e8s une saison 2021 r\u00e9ussie qui a vu les usagers adopter des alternatives de micromobilit\u00e9 s\u00e9curitaires et pratiques. <\/p>\n","protected":false},"author":16,"featured_media":17913,"comment_status":"open","ping_status":"open","sticky":false,"template":"elementor_header_footer","format":"standard","meta":{"_exactmetrics_skip_tracking":false,"_exactmetrics_sitenote_active":false,"_exactmetrics_sitenote_note":"","_exactmetrics_sitenote_category":0,"_monsterinsights_skip_tracking":false,"_monsterinsights_sitenote_active":false,"_monsterinsights_sitenote_note":"","_monsterinsights_sitenote_category":0,"ocean_post_layout":"","ocean_both_sidebars_style":"","ocean_both_sidebars_content_width":0,"ocean_both_sidebars_sidebars_width":0,"ocean_sidebar":"0","ocean_second_sidebar":"0","ocean_disable_margins":"on","ocean_add_body_class":"","ocean_shortcode_before_top_bar":"","ocean_shortcode_after_top_bar":"","ocean_shortcode_before_header":"","ocean_shortcode_after_header":"","ocean_has_shortcode":"","ocean_shortcode_after_title":"","ocean_shortcode_before_footer_widgets":"","ocean_shortcode_after_footer_widgets":"","ocean_shortcode_before_footer_bottom":"","ocean_shortcode_after_footer_bottom":"","ocean_display_top_bar":"default","ocean_display_header":"default","ocean_header_style":"","ocean_center_header_left_menu":"0","ocean_custom_header_template":"0","ocean_custom_logo":0,"ocean_custom_retina_logo":0,"ocean_custom_logo_max_width":0,"ocean_custom_logo_tablet_max_width":0,"ocean_custom_logo_mobile_max_width":0,"ocean_custom_logo_max_height":0,"ocean_custom_logo_tablet_max_height":0,"ocean_custom_logo_mobile_max_height":0,"ocean_header_custom_menu":"0","ocean_menu_typo_font_family":"0","ocean_menu_typo_font_subset":"","ocean_menu_typo_font_size":0,"ocean_menu_typo_font_size_tablet":0,"ocean_menu_typo_font_size_mobile":0,"ocean_menu_typo_font_size_unit":"px","ocean_menu_typo_font_weight":"","ocean_menu_typo_font_weight_tablet":"","ocean_menu_typo_font_weight_mobile":"","ocean_menu_typo_transform":"","ocean_menu_typo_transform_tablet":"","ocean_menu_typo_transform_mobile":"","ocean_menu_typo_line_height":0,"ocean_menu_typo_line_height_tablet":0,"ocean_menu_typo_line_height_mobile":0,"ocean_menu_typo_line_height_unit":"","ocean_menu_typo_spacing":0,"ocean_menu_typo_spacing_tablet":0,"ocean_menu_typo_spacing_mobile":0,"ocean_menu_typo_spacing_unit":"","ocean_menu_link_color":"","ocean_menu_link_color_hover":"","ocean_menu_link_color_active":"","ocean_menu_link_background":"","ocean_menu_link_hover_background":"","ocean_menu_link_active_background":"","ocean_menu_social_links_bg":"","ocean_menu_social_hover_links_bg":"","ocean_menu_social_links_color":"","ocean_menu_social_hover_links_color":"","ocean_disable_title":"on","ocean_disable_heading":"default","ocean_post_title":"","ocean_post_subheading":"","ocean_post_title_style":"","ocean_post_title_background_color":"","ocean_post_title_background":0,"ocean_post_title_bg_image_position":"","ocean_post_title_bg_image_attachment":"","ocean_post_title_bg_image_repeat":"","ocean_post_title_bg_image_size":"","ocean_post_title_height":0,"ocean_post_title_bg_overlay":0.5,"ocean_post_title_bg_overlay_color":"","ocean_disable_breadcrumbs":"default","ocean_breadcrumbs_color":"","ocean_breadcrumbs_separator_color":"","ocean_breadcrumbs_links_color":"","ocean_breadcrumbs_links_hover_color":"","ocean_display_footer_widgets":"default","ocean_display_footer_bottom":"default","ocean_custom_footer_template":"0","ocean_post_oembed":"","ocean_post_self_hosted_media":"","ocean_post_video_embed":"","ocean_link_format":"","ocean_link_format_target":"self","ocean_quote_format":"","ocean_quote_format_link":"post","ocean_gallery_link_images":"off","ocean_gallery_id":[],"footnotes":""},"categories":[65],"tags":[75,90,118],"class_list":["post-17890","post","type-post","status-publish","format-standard","has-post-thumbnail","hentry","category-blog-fr-2","tag-canada-2","tag-french","tag-vernon-2","entry","has-media"],"yoast_head":"\n<title>Neuron lance sa saison 2022 \u00e0 Vernon ! : Neuron Mobility<\/title>\n<meta name=\"description\" content=\"Neuron Mobility : La flotte de trottinettes \u00e9lectriques de Neuron est de retour dans les rues de Vernon apr\u00e8s une saison 2021 r\u00e9ussie qui a vu les usagers adopter des alternatives de micromobilit\u00e9 s\u00e9curitaires et pratiques.\" \/>\n<meta name=\"robots\" content=\"index, follow, max-snippet:-1, max-image-preview:large, max-video-preview:-1\" \/>\n<link rel=\"canonical\" href=\"https:\/\/www.rideneuron.com\/fr\/neuron-lance-sa-saison-2022-a-vernon\/\" \/>\n<meta property=\"og:locale\" content=\"fr_FR\" \/>\n<meta property=\"og:type\" content=\"article\" \/>\n<meta property=\"og:title\" content=\"Neuron lance sa saison 2022 \u00e0 Vernon ! : Neuron Mobility\" \/>\n<meta property=\"og:description\" content=\"Neuron Mobility : La flotte de trottinettes \u00e9lectriques de Neuron est de retour dans les rues de Vernon apr\u00e8s une saison 2021 r\u00e9ussie qui a vu les usagers adopter des alternatives de micromobilit\u00e9 s\u00e9curitaires et pratiques.\" \/>\n<meta property=\"og:url\" content=\"https:\/\/www.rideneuron.com\/fr\/neuron-lance-sa-saison-2022-a-vernon\/\" \/>\n<meta property=\"og:site_name\" content=\"Neuron Mobility\" \/>\n<meta property=\"article:publisher\" content=\"https:\/\/www.facebook.com\/neuron.mobility\/\" \/>\n<meta property=\"article:published_time\" content=\"2022-03-09T08:17:00+00:00\" \/>\n<meta property=\"article:modified_time\" content=\"2022-03-18T02:31:08+00:00\" \/>\n<meta property=\"og:image\" content=\"https:\/\/www.rideneuron.com\/wp-content\/uploads\/2022\/03\/DSC00213-1-1024x682.jpg\" \/>\n\t<meta property=\"og:image:width\" content=\"1024\" \/>\n\t<meta property=\"og:image:height\" content=\"682\" \/>\n\t<meta property=\"og:image:type\" content=\"image\/jpeg\" \/>\n<meta name=\"author\" content=\"Team Neuron\" \/>\n<meta name=\"twitter:card\" content=\"summary_large_image\" \/>\n<meta name=\"twitter:label1\" content=\"\u00c9crit par\" \/>\n\t<meta name=\"twitter:data1\" content=\"Team Neuron\" \/>\n\t<meta name=\"twitter:label2\" content=\"Dur\u00e9e de lecture estim\u00e9e\" \/>\n\t<meta name=\"twitter:data2\" content=\"2 minutes\" \/>\n<script type=\"application\/ld+json\" class=\"yoast-schema-graph\">{\"@context\":\"https:\/\/schema.org\",\"@graph\":[{\"@type\":\"Article\",\"@id\":\"https:\/\/www.rideneuron.com\/fr\/neuron-lance-sa-saison-2022-a-vernon\/#article\",\"isPartOf\":{\"@id\":\"https:\/\/www.rideneuron.com\/fr\/neuron-lance-sa-saison-2022-a-vernon\/\"},\"author\":{\"name\":\"Team Neuron\",\"@id\":\"https:\/\/www.rideneuron.com\/fr\/#\/schema\/person\/154d6ec619fd5b576127f213a6718cc6\"},\"headline\":\"Neuron lance sa saison 2022 \u00e0 Vernon !\",\"datePublished\":\"2022-03-09T08:17:00+00:00\",\"dateModified\":\"2022-03-18T02:31:08+00:00\",\"mainEntityOfPage\":{\"@id\":\"https:\/\/www.rideneuron.com\/fr\/neuron-lance-sa-saison-2022-a-vernon\/\"},\"wordCount\":457,\"commentCount\":0,\"publisher\":{\"@id\":\"https:\/\/www.rideneuron.com\/fr\/#organization\"},\"image\":{\"@id\":\"https:\/\/www.rideneuron.com\/fr\/neuron-lance-sa-saison-2022-a-vernon\/#primaryimage\"},\"thumbnailUrl\":\"https:\/\/www.rideneuron.com\/wp-content\/uploads\/2022\/03\/DSC00213-1.jpg\",\"keywords\":[\"Canada\",\"French\",\"Vernon\"],\"articleSection\":[\"Blog\"],\"inLanguage\":\"fr-FR\",\"potentialAction\":[{\"@type\":\"CommentAction\",\"name\":\"Comment\",\"target\":[\"https:\/\/www.rideneuron.com\/fr\/neuron-lance-sa-saison-2022-a-vernon\/#respond\"]}]},{\"@type\":\"WebPage\",\"@id\":\"https:\/\/www.rideneuron.com\/fr\/neuron-lance-sa-saison-2022-a-vernon\/\",\"url\":\"https:\/\/www.rideneuron.com\/fr\/neuron-lance-sa-saison-2022-a-vernon\/\",\"name\":\"Neuron lance sa saison 2022 \u00e0 Vernon ! : Neuron Mobility\",\"isPartOf\":{\"@id\":\"https:\/\/www.rideneuron.com\/fr\/#website\"},\"primaryImageOfPage\":{\"@id\":\"https:\/\/www.rideneuron.com\/fr\/neuron-lance-sa-saison-2022-a-vernon\/#primaryimage\"},\"image\":{\"@id\":\"https:\/\/www.rideneuron.com\/fr\/neuron-lance-sa-saison-2022-a-vernon\/#primaryimage\"},\"thumbnailUrl\":\"https:\/\/www.rideneuron.com\/wp-content\/uploads\/2022\/03\/DSC00213-1.jpg\",\"datePublished\":\"2022-03-09T08:17:00+00:00\",\"dateModified\":\"2022-03-18T02:31:08+00:00\",\"description\":\"Neuron Mobility : La flotte de trottinettes \u00e9lectriques de Neuron est de retour dans les rues de Vernon apr\u00e8s une saison 2021 r\u00e9ussie qui a vu les usagers adopter des alternatives de micromobilit\u00e9 s\u00e9curitaires et pratiques.\",\"breadcrumb\":{\"@id\":\"https:\/\/www.rideneuron.com\/fr\/neuron-lance-sa-saison-2022-a-vernon\/#breadcrumb\"},\"inLanguage\":\"fr-FR\",\"potentialAction\":[{\"@type\":\"ReadAction\",\"target\":[\"https:\/\/www.rideneuron.com\/fr\/neuron-lance-sa-saison-2022-a-vernon\/\"]}]},{\"@type\":\"ImageObject\",\"inLanguage\":\"fr-FR\",\"@id\":\"https:\/\/www.rideneuron.com\/fr\/neuron-lance-sa-saison-2022-a-vernon\/#primaryimage\",\"url\":\"https:\/\/www.rideneuron.com\/wp-content\/uploads\/2022\/03\/DSC00213-1.jpg\",\"contentUrl\":\"https:\/\/www.rideneuron.com\/wp-content\/uploads\/2022\/03\/DSC00213-1.jpg\",\"width\":1714,\"height\":1142},{\"@type\":\"BreadcrumbList\",\"@id\":\"https:\/\/www.rideneuron.com\/fr\/neuron-lance-sa-saison-2022-a-vernon\/#breadcrumb\",\"itemListElement\":[{\"@type\":\"ListItem\",\"position\":1,\"name\":\"Home\",\"item\":\"https:\/\/www.rideneuron.com\/fr\/\"},{\"@type\":\"ListItem\",\"position\":2,\"name\":\"Neuron lance sa saison 2022 \u00e0 Vernon !\"}]},{\"@type\":\"WebSite\",\"@id\":\"https:\/\/www.rideneuron.com\/fr\/#website\",\"url\":\"https:\/\/www.rideneuron.com\/fr\/\",\"name\":\"Neuron Mobility\",\"description\":\"Safety-leading e-scooter and e-bike operator\",\"publisher\":{\"@id\":\"https:\/\/www.rideneuron.com\/fr\/#organization\"},\"potentialAction\":[{\"@type\":\"SearchAction\",\"target\":{\"@type\":\"EntryPoint\",\"urlTemplate\":\"https:\/\/www.rideneuron.com\/fr\/?s={search_term_string}\"},\"query-input\":\"required name=search_term_string\"}],\"inLanguage\":\"fr-FR\"},{\"@type\":\"Organization\",\"@id\":\"https:\/\/www.rideneuron.com\/fr\/#organization\",\"name\":\"Neuron Mobility\",\"url\":\"https:\/\/www.rideneuron.com\/fr\/\",\"logo\":{\"@type\":\"ImageObject\",\"inLanguage\":\"fr-FR\",\"@id\":\"https:\/\/www.rideneuron.com\/fr\/#\/schema\/logo\/image\/\",\"url\":\"https:\/\/www.rideneuron.com\/wp-content\/uploads\/2019\/05\/Neuron-Logo.png\",\"contentUrl\":\"https:\/\/www.rideneuron.com\/wp-content\/uploads\/2019\/05\/Neuron-Logo.png\",\"width\":3411,\"height\":1117,\"caption\":\"Neuron Mobility\"},\"image\":{\"@id\":\"https:\/\/www.rideneuron.com\/fr\/#\/schema\/logo\/image\/\"},\"sameAs\":[\"https:\/\/www.facebook.com\/neuron.mobility\/\",\"https:\/\/www.instagram.com\/neuron_mobility\/\",\"https:\/\/www.linkedin.com\/company\/14418273\/\"]},{\"@type\":\"Person\",\"@id\":\"https:\/\/www.rideneuron.com\/fr\/#\/schema\/person\/154d6ec619fd5b576127f213a6718cc6\",\"name\":\"Team Neuron\",\"image\":{\"@type\":\"ImageObject\",\"inLanguage\":\"fr-FR\",\"@id\":\"https:\/\/www.rideneuron.com\/fr\/#\/schema\/person\/image\/\",\"url\":\"https:\/\/www.rideneuron.com\/wp-content\/uploads\/2019\/06\/Neuron-Logo-Square-Orange-01-150x150.png\",\"contentUrl\":\"https:\/\/www.rideneuron.com\/wp-content\/uploads\/2019\/06\/Neuron-Logo-Square-Orange-01-150x150.png\",\"caption\":\"Team Neuron\"}}]}<\/script>\n","yoast_head_json":{"title":"Neuron lance sa saison 2022 \u00e0 Vernon ! : Neuron Mobility","description":"Neuron Mobility : La flotte de trottinettes \u00e9lectriques de Neuron est de retour dans les rues de Vernon apr\u00e8s une saison 2021 r\u00e9ussie qui a vu les usagers adopter des alternatives de micromobilit\u00e9 s\u00e9curitaires et pratiques.","robots":{"index":"index","follow":"follow","max-snippet":"max-snippet:-1","max-image-preview":"max-image-preview:large","max-video-preview":"max-video-preview:-1"},"canonical":"https:\/\/www.rideneuron.com\/fr\/neuron-lance-sa-saison-2022-a-vernon\/","og_locale":"fr_FR","og_type":"article","og_title":"Neuron lance sa saison 2022 \u00e0 Vernon ! : Neuron Mobility","og_description":"Neuron Mobility : La flotte de trottinettes \u00e9lectriques de Neuron est de retour dans les rues de Vernon apr\u00e8s une saison 2021 r\u00e9ussie qui a vu les usagers adopter des alternatives de micromobilit\u00e9 s\u00e9curitaires et pratiques.","og_url":"https:\/\/www.rideneuron.com\/fr\/neuron-lance-sa-saison-2022-a-vernon\/","og_site_name":"Neuron Mobility","article_publisher":"https:\/\/www.facebook.com\/neuron.mobility\/","article_published_time":"2022-03-09T08:17:00+00:00","article_modified_time":"2022-03-18T02:31:08+00:00","og_image":[{"width":1024,"height":682,"url":"https:\/\/www.rideneuron.com\/wp-content\/uploads\/2022\/03\/DSC00213-1-1024x682.jpg","type":"image\/jpeg"}],"author":"Team Neuron","twitter_card":"summary_large_image","twitter_misc":{"\u00c9crit par":"Team Neuron","Dur\u00e9e de lecture estim\u00e9e":"2 minutes"},"schema":{"@context":"https:\/\/schema.org","@graph":[{"@type":"Article","@id":"https:\/\/www.rideneuron.com\/fr\/neuron-lance-sa-saison-2022-a-vernon\/#article","isPartOf":{"@id":"https:\/\/www.rideneuron.com\/fr\/neuron-lance-sa-saison-2022-a-vernon\/"},"author":{"name":"Team Neuron","@id":"https:\/\/www.rideneuron.com\/fr\/#\/schema\/person\/154d6ec619fd5b576127f213a6718cc6"},"headline":"Neuron lance sa saison 2022 \u00e0 Vernon !","datePublished":"2022-03-09T08:17:00+00:00","dateModified":"2022-03-18T02:31:08+00:00","mainEntityOfPage":{"@id":"https:\/\/www.rideneuron.com\/fr\/neuron-lance-sa-saison-2022-a-vernon\/"},"wordCount":457,"commentCount":0,"publisher":{"@id":"https:\/\/www.rideneuron.com\/fr\/#organization"},"image":{"@id":"https:\/\/www.rideneuron.com\/fr\/neuron-lance-sa-saison-2022-a-vernon\/#primaryimage"},"thumbnailUrl":"https:\/\/www.rideneuron.com\/wp-content\/uploads\/2022\/03\/DSC00213-1.jpg","keywords":["Canada","French","Vernon"],"articleSection":["Blog"],"inLanguage":"fr-FR","potentialAction":[{"@type":"CommentAction","name":"Comment","target":["https:\/\/www.rideneuron.com\/fr\/neuron-lance-sa-saison-2022-a-vernon\/#respond"]}]},{"@type":"WebPage","@id":"https:\/\/www.rideneuron.com\/fr\/neuron-lance-sa-saison-2022-a-vernon\/","url":"https:\/\/www.rideneuron.com\/fr\/neuron-lance-sa-saison-2022-a-vernon\/","name":"Neuron lance sa saison 2022 \u00e0 Vernon ! : Neuron Mobility","isPartOf":{"@id":"https:\/\/www.rideneuron.com\/fr\/#website"},"primaryImageOfPage":{"@id":"https:\/\/www.rideneuron.com\/fr\/neuron-lance-sa-saison-2022-a-vernon\/#primaryimage"},"image":{"@id":"https:\/\/www.rideneuron.com\/fr\/neuron-lance-sa-saison-2022-a-vernon\/#primaryimage"},"thumbnailUrl":"https:\/\/www.rideneuron.com\/wp-content\/uploads\/2022\/03\/DSC00213-1.jpg","datePublished":"2022-03-09T08:17:00+00:00","dateModified":"2022-03-18T02:31:08+00:00","description":"Neuron Mobility : La flotte de trottinettes \u00e9lectriques de Neuron est de retour dans les rues de Vernon apr\u00e8s une saison 2021 r\u00e9ussie qui a vu les usagers adopter des alternatives de micromobilit\u00e9 s\u00e9curitaires et pratiques.","breadcrumb":{"@id":"https:\/\/www.rideneuron.com\/fr\/neuron-lance-sa-saison-2022-a-vernon\/#breadcrumb"},"inLanguage":"fr-FR","potentialAction":[{"@type":"ReadAction","target":["https:\/\/www.rideneuron.com\/fr\/neuron-lance-sa-saison-2022-a-vernon\/"]}]},{"@type":"ImageObject","inLanguage":"fr-FR","@id":"https:\/\/www.rideneuron.com\/fr\/neuron-lance-sa-saison-2022-a-vernon\/#primaryimage","url":"https:\/\/www.rideneuron.com\/wp-content\/uploads\/2022\/03\/DSC00213-1.jpg","contentUrl":"https:\/\/www.rideneuron.com\/wp-content\/uploads\/2022\/03\/DSC00213-1.jpg","width":1714,"height":1142},{"@type":"BreadcrumbList","@id":"https:\/\/www.rideneuron.com\/fr\/neuron-lance-sa-saison-2022-a-vernon\/#breadcrumb","itemListElement":[{"@type":"ListItem","position":1,"name":"Home","item":"https:\/\/www.rideneuron.com\/fr\/"},{"@type":"ListItem","position":2,"name":"Neuron lance sa saison 2022 \u00e0 Vernon !"}]},{"@type":"WebSite","@id":"https:\/\/www.rideneuron.com\/fr\/#website","url":"https:\/\/www.rideneuron.com\/fr\/","name":"Neuron Mobility","description":"Safety-leading e-scooter and e-bike operator","publisher":{"@id":"https:\/\/www.rideneuron.com\/fr\/#organization"},"potentialAction":[{"@type":"SearchAction","target":{"@type":"EntryPoint","urlTemplate":"https:\/\/www.rideneuron.com\/fr\/?s={search_term_string}"},"query-input":"required name=search_term_string"}],"inLanguage":"fr-FR"},{"@type":"Organization","@id":"https:\/\/www.rideneuron.com\/fr\/#organization","name":"Neuron Mobility","url":"https:\/\/www.rideneuron.com\/fr\/","logo":{"@type":"ImageObject","inLanguage":"fr-FR","@id":"https:\/\/www.rideneuron.com\/fr\/#\/schema\/logo\/image\/","url":"https:\/\/www.rideneuron.com\/wp-content\/uploads\/2019\/05\/Neuron-Logo.png","contentUrl":"https:\/\/www.rideneuron.com\/wp-content\/uploads\/2019\/05\/Neuron-Logo.png","width":3411,"height":1117,"caption":"Neuron Mobility"},"image":{"@id":"https:\/\/www.rideneuron.com\/fr\/#\/schema\/logo\/image\/"},"sameAs":["https:\/\/www.facebook.com\/neuron.mobility\/","https:\/\/www.instagram.com\/neuron_mobility\/","https:\/\/www.linkedin.com\/company\/14418273\/"]},{"@type":"Person","@id":"https:\/\/www.rideneuron.com\/fr\/#\/schema\/person\/154d6ec619fd5b576127f213a6718cc6","name":"Team Neuron","image":{"@type":"ImageObject","inLanguage":"fr-FR","@id":"https:\/\/www.rideneuron.com\/fr\/#\/schema\/person\/image\/","url":"https:\/\/www.rideneuron.com\/wp-content\/uploads\/2019\/06\/Neuron-Logo-Square-Orange-01-150x150.png","contentUrl":"https:\/\/www.rideneuron.com\/wp-content\/uploads\/2019\/06\/Neuron-Logo-Square-Orange-01-150x150.png","caption":"Team Neuron"}}]}},"jetpack_featured_media_url":"https:\/\/www.rideneuron.com\/wp-content\/uploads\/2022\/03\/DSC00213-1.jpg","rttpg_featured_image_url":{"full":["https:\/\/www.rideneuron.com\/wp-content\/uploads\/2022\/03\/DSC00213-1.jpg",1714,1142,false],"landscape":["https:\/\/www.rideneuron.com\/wp-content\/uploads\/2022\/03\/DSC00213-1.jpg",1714,1142,false],"portraits":["https:\/\/www.rideneuron.com\/wp-content\/uploads\/2022\/03\/DSC00213-1.jpg",1714,1142,false],"thumbnail":["https:\/\/www.rideneuron.com\/wp-content\/uploads\/2022\/03\/DSC00213-1-150x150.jpg",150,150,true],"medium":["https:\/\/www.rideneuron.com\/wp-content\/uploads\/2022\/03\/DSC00213-1-300x200.jpg",300,200,true],"large":["https:\/\/www.rideneuron.com\/wp-content\/uploads\/2022\/03\/DSC00213-1-1024x682.jpg",1024,682,true],"1536x1536":["https:\/\/www.rideneuron.com\/wp-content\/uploads\/2022\/03\/DSC00213-1-1536x1023.jpg",1536,1023,true],"2048x2048":["https:\/\/www.rideneuron.com\/wp-content\/uploads\/2022\/03\/DSC00213-1.jpg",1714,1142,false]},"rttpg_author":{"display_name":"Team Neuron","author_link":"https:\/\/www.rideneuron.com\/fr\/author\/team-neuron\/"},"rttpg_comment":0,"rttpg_category":"<a href=\"https:\/\/www.rideneuron.com\/fr\/category\/blog-fr-2\/\" rel=\"category tag\">Blog<\/a>","rttpg_excerpt":"La flotte de trottinettes \u00e9lectriques de Neuron est de retour dans les rues de Vernon apr\u00e8s une saison 2021 r\u00e9ussie qui a vu les usagers adopter des alternatives de micromobilit\u00e9 s\u00e9curitaires et pratiques.","_links":{"self":[{"href":"https:\/\/www.rideneuron.com\/fr\/wp-json\/wp\/v2\/posts\/17890","targetHints":{"allow":["GET"]}}],"collection":[{"href":"https:\/\/www.rideneuron.com\/fr\/wp-json\/wp\/v2\/posts"}],"about":[{"href":"https:\/\/www.rideneuron.com\/fr\/wp-json\/wp\/v2\/types\/post"}],"author":[{"embeddable":true,"href":"https:\/\/www.rideneuron.com\/fr\/wp-json\/wp\/v2\/users\/16"}],"replies":[{"embeddable":true,"href":"https:\/\/www.rideneuron.com\/fr\/wp-json\/wp\/v2\/comments?post=17890"}],"version-history":[{"count":29,"href":"https:\/\/www.rideneuron.com\/fr\/wp-json\/wp\/v2\/posts\/17890\/revisions"}],"predecessor-version":[{"id":18095,"href":"https:\/\/www.rideneuron.com\/fr\/wp-json\/wp\/v2\/posts\/17890\/revisions\/18095"}],"wp:featuredmedia":[{"embeddable":true,"href":"https:\/\/www.rideneuron.com\/fr\/wp-json\/wp\/v2\/media\/17913"}],"wp:attachment":[{"href":"https:\/\/www.rideneuron.com\/fr\/wp-json\/wp\/v2\/media?parent=17890"}],"wp:term":[{"taxonomy":"category","embeddable":true,"href":"https:\/\/www.rideneuron.com\/fr\/wp-json\/wp\/v2\/categories?post=17890"},{"taxonomy":"post_tag","embeddable":true,"href":"https:\/\/www.rideneuron.com\/fr\/wp-json\/wp\/v2\/tags?post=17890"}],"curies":[{"name":"wp","href":"https:\/\/api.w.org\/{rel}","templated":true}]}}